[{"@context":"https:\/\/schema.org\/","@type":"Article","@id":"https:\/\/www.samalex.cz\/zazitkovy-park-na-dolni-morave-pro-radost-vasich-deti\/#Article","mainEntityOfPage":"https:\/\/www.samalex.cz\/zazitkovy-park-na-dolni-morave-pro-radost-vasich-deti\/","headline":"Z\u00e1\u017eitkov\u00fd park na Doln\u00ed Morav\u011b pro radost va\u0161ich d\u011bt\u00ed!","name":"Z\u00e1\u017eitkov\u00fd park na Doln\u00ed Morav\u011b pro radost va\u0161ich d\u011bt\u00ed!","description":"U\u017eijte si jarn\u00ed pr\u00e1zdniny na Doln\u00ed Morav\u011b s ly\u017eov\u00e1n\u00edm a Z\u00e1\u017eitkov\u00fdm d\u011btsk\u00fdm parkem! Jarn\u00ed pr\u00e1zdniny jsou v pln\u00e9m proudu, a i na posledn\u00ed chv\u00edli si m\u016f\u017eete objednat apartm\u00e1ny k ubytov\u00e1n\u00ed &hellip; ","datePublished":"2022-02-09","dateModified":"2023-05-03","author":{"@type":"Person","@id":"https:\/\/www.samalex.cz\/author\/#Person","name":"samalex.cz\n","url":"https:\/\/www.samalex.cz\/author\/","identifier":1,"image":{"@type":"ImageObject","@id":"https:\/\/secure.gravatar.com\/avatar\/4a71ad3e3da672fdab00dac6e0f7e744f8cb217202b101d0ffab0cf07645e95c?s=96&d=mm&r=g","url":"https:\/\/secure.gravatar.com\/avatar\/4a71ad3e3da672fdab00dac6e0f7e744f8cb217202b101d0ffab0cf07645e95c?s=96&d=mm&r=g","height":96,"width":96}},"publisher":{"@type":"Organization","name":"samalex.cz","logo":{"@type":"ImageObject","@id":"\/logo.png","url":"\/logo.png","width":600,"height":60}},"image":{"@type":"ImageObject","@id":"https:\/\/www.samalex.cz\/wp-content\/uploads\/Doln%C3%AD%20Morava%20z%C3%A1%C5%BEitkov%C3%BD%20den.png","url":"https:\/\/www.samalex.cz\/wp-content\/uploads\/Doln%C3%AD%20Morava%20z%C3%A1%C5%BEitkov%C3%BD%20den.png","height":0,"width":0},"url":"https:\/\/www.samalex.cz\/zazitkovy-park-na-dolni-morave-pro-radost-vasich-deti\/","about":["Podnik\u00e1n\u00ed"],"wordCount":480,"articleBody":"   U\u017eijte si jarn\u00ed pr\u00e1zdniny na Doln\u00ed Morav\u011b s ly\u017eov\u00e1n\u00edm a Z\u00e1\u017eitkov\u00fdm d\u011btsk\u00fdm parkem!Jarn\u00ed pr\u00e1zdniny jsou v pln\u00e9m proudu, a i na posledn\u00ed chv\u00edli si m\u016f\u017eete objednat apartm\u00e1ny k ubytov\u00e1n\u00ed pro rodiny s d\u011btmi v \u010cenkovic\u00edch Skibukovka. Luxusn\u00ed ubytov\u00e1n\u00ed nedaleko ly\u017ea\u0159sk\u00e9ho vleku s b\u00e1je\u010dn\u00fdm v\u00fdhledem na moravskou \u010distou p\u0159\u00edrodu! Ke sportu to budete m\u00edt kousek a pro zdrav\u00ed ud\u011bl\u00e1te v\u00edce ne\u017e dost!Skibukovka pro ly\u017ea\u0159e, ale i vyznava\u010de snowboardinguDobrou zpr\u00e1vou je to, \u017ee se ji\u017e nemus\u00edte p\u0159i ly\u017eov\u00e1n\u00ed a vstupu do restaurac\u00ed prokazovat certifik\u00e1tem o o\u010dkov\u00e1n\u00ed nebo o prod\u011blan\u00e9m onemocn\u011bn\u00ed COVID \u2013 19. U\u017e nejsou omezeny ani po\u010dty lid\u00ed na hromadn\u00fdch akc\u00edch. Vyrazit na hory u\u017e m\u016f\u017ee ka\u017ed\u00fd! Skibukovka m\u00e1 p\u011bt sjezdov\u00fdch trat\u00ed, kter\u00e9 vedou z \u010cenkovic a z mlad\u0161\u00edho are\u00e1lu \u2013 \u010cerven\u00e9 Vody. Nab\u00edz\u00ed dv\u011b nejdel\u0161\u00ed sjezdov\u00e9 trat\u011b v Orlick\u00fdch hor\u00e1ch a super \u010dty\u0159seda\u010dkovou lanovku, ze kter\u00e9 se v\u00e1m ani nebude cht\u00edt vystupovat. A to proto, \u017ee je kryta tak zvanou \u201ebublinou\u201c, je\u017e v\u00e1s chr\u00e1n\u00ed p\u0159ed nep\u0159\u00edzni po\u010das\u00ed a nav\u00edc m\u00e1   v y h \u0159 \u00ed v a n \u00e9 s e d a \u010d k y !Horsk\u00e9 st\u0159edisko alpsk\u00e9ho stylu.Horsk\u00fd are\u00e1l Skibukovka uv\u00edt\u00e1 nejen v\u0161echny vyznava\u010de zimn\u00edch sport\u016f, ale i turisty. Pakli\u017ee ly\u017e\u00edm ani snowboardu neholdujete, nic nen\u00ed ztraceno. M\u016f\u017eete d\u00edtka prot\u00e1hnout kr\u00e1snou zimn\u00ed p\u0159\u00edrodou a u\u017e\u00edt si spole\u010dn\u00e9 chv\u00edle p\u0159i koulov\u00e1n\u00ed a stav\u011bn\u00ed sn\u011bhul\u00e1k\u016f. Ve m\u011bstech jste si sn\u011bhul\u00e1ka patrn\u011b nepostavili, proto\u017ee sn\u011bhov\u00e1 nad\u00edlka byla letos v\u00edce ne\u017e skromn\u00e1. Tak na Doln\u00ed Morav\u011b m\u016f\u017eete vystav\u011bt celou sn\u011bhul\u00e1kovou rodinku! A t\u0159eba ji pojmenovat po \u010dlenech va\u0161\u00ed rodiny, bude to pro d\u011bti docela motiva\u010dn\u00ed stav\u011bn\u00ed.Dop\u0159ejte va\u0161im d\u011btem den pln\u00fd b\u00e1je\u010dn\u00fdch z\u00e1\u017eitk\u016f!Pr\u00e1zdniny jsou od toho, aby si va\u0161e d\u00edtka, ale i jejich rodi\u010de, odpo\u010dinuli. A k tomu kr\u00e1sn\u011b poslou\u017e\u00ed i rodinn\u00e1 dovolen\u00e1 str\u00e1ven\u00e1 na Doln\u00ed Morav\u011b. Vezm\u011bte va\u0161e ratolesti na celodenn\u00ed v\u00fdlet a pro\u017eijte v\u0161ichni skv\u011bl\u00fd den. D\u011bti se nebudou moci naba\u017eit velk\u00e9ho Mamu\u0165\u00e1ka v Mamut\u00edm parku.Nad\u0161en\u011b budou v\u00fdskat p\u0159i proch\u00e1zce Stezky v oblac\u00edch a nezapome\u0148te nav\u0161t\u00edvit i Adrenalinov\u00fd park! Po takto str\u00e1ven\u00e9m dni budete m\u00edt jistotu voln\u00e9ho ve\u010dera, proto\u017ee d\u011bti padnou do post\u00fdlek jedna radost\u2026                                                                                                                                                                                                                                                                                                                                                                                          4.1\/5 - (8 votes)        "},{"@context":"https:\/\/schema.org\/","@type":"BreadcrumbList","itemListElement":[{"@type":"ListItem","position":1,"name":"Z\u00e1\u017eitkov\u00fd park na Doln\u00ed Morav\u011b pro radost va\u0161ich d\u011bt\u00ed!","item":"https:\/\/www.samalex.cz\/zazitkovy-park-na-dolni-morave-pro-radost-vasich-deti\/#breadcrumbitem"}]}]