[{"@context":"https:\/\/schema.org\/","@type":"Article","@id":"https:\/\/www.samalex.cz\/svuj-odpocinek-muzete-stravit-na-krasnem-miste-v-hotelu-lednice\/#Article","mainEntityOfPage":"https:\/\/www.samalex.cz\/svuj-odpocinek-muzete-stravit-na-krasnem-miste-v-hotelu-lednice\/","headline":"Sv\u016fj odpo\u010dinek m\u016f\u017eete str\u00e1vit na kr\u00e1sn\u00e9m m\u00edst\u011b v hotelu lednice","name":"Sv\u016fj odpo\u010dinek m\u016f\u017eete str\u00e1vit na kr\u00e1sn\u00e9m m\u00edst\u011b v hotelu lednice","description":"R\u00e1di byste si odpo\u010dinuli? Pokud se c\u00edt\u00edte vy\u010derpan\u00ed a hled\u00e1te n\u011bjak\u00e9 p\u011bkn\u00e9 a klidn\u00e9 m\u00edsto, kde byste mohli na\u010derpat nov\u00e9 s\u00edly, pak nav\u0161tivte hotel Lednice. Pr\u00e1v\u011b ten se nach\u00e1z\u00ed v &hellip; ","datePublished":"2019-09-12","dateModified":"2024-01-03","author":{"@type":"Person","@id":"https:\/\/www.samalex.cz\/author\/#Person","name":"samalex.cz\n","url":"https:\/\/www.samalex.cz\/author\/","identifier":1,"image":{"@type":"ImageObject","@id":"https:\/\/secure.gravatar.com\/avatar\/4a71ad3e3da672fdab00dac6e0f7e744f8cb217202b101d0ffab0cf07645e95c?s=96&d=mm&r=g","url":"https:\/\/secure.gravatar.com\/avatar\/4a71ad3e3da672fdab00dac6e0f7e744f8cb217202b101d0ffab0cf07645e95c?s=96&d=mm&r=g","height":96,"width":96}},"publisher":{"@type":"Organization","name":"samalex.cz","logo":{"@type":"ImageObject","@id":"\/logo.png","url":"\/logo.png","width":600,"height":60}},"image":{"@type":"ImageObject","@id":"https:\/\/www.samalex.cz\/wp-content\/uploads\/img_a342099_w1724_t1555054727.jpg","url":"https:\/\/www.samalex.cz\/wp-content\/uploads\/img_a342099_w1724_t1555054727.jpg","height":0,"width":0},"url":"https:\/\/www.samalex.cz\/svuj-odpocinek-muzete-stravit-na-krasnem-miste-v-hotelu-lednice\/","about":["Podnik\u00e1n\u00ed"],"wordCount":429,"articleBody":"         R\u00e1di byste si odpo\u010dinuli? Pokud se c\u00edt\u00edte vy\u010derpan\u00ed a hled\u00e1te n\u011bjak\u00e9 p\u011bkn\u00e9 a klidn\u00e9 m\u00edsto, kde byste mohli na\u010derpat nov\u00e9 s\u00edly, pak nav\u0161tivte hotel Lednice. Pr\u00e1v\u011b ten se nach\u00e1z\u00ed v p\u0159ekr\u00e1sn\u00e9 komponovan\u00e9 krajin\u011b Lednicko-valtick\u00e9ho are\u00e1lu, kter\u00fd je nav\u00edc velmi dob\u0159e dostupn\u00fd jak automobilem, tak ve\u0159ejnou dopravou. Nav\u00edc, samotn\u00fd hotel Lednice najdete jen neskute\u010dn\u00fdch sto metr\u016f od lednick\u00e9ho z\u00e1mku, tak\u017ee budete ubytov\u00e1ni v samotn\u00e9m srdci tohoto n\u00e1dhern\u00e9ho are\u00e1lu. A ka\u017ed\u00fd, kdo m\u00e1 o \u010cesk\u00e9 republice z\u00e1kladn\u00ed pov\u011bdom\u00ed, moc dob\u0159e v\u00ed, \u017ee pr\u00e1v\u011b tady se nach\u00e1z\u00ed mnoho zaj\u00edmav\u00fdch kulturn\u00edch a p\u0159\u00edrodn\u00edch pam\u00e1tek, kter\u00e9 rozhodn\u011b stoj\u00ed za zhl\u00e9dnut\u00ed. V\u017edy\u0165 tento are\u00e1l nen\u00ed jen n\u00e1hodou zaps\u00e1n do Seznamu sv\u011btov\u00e9ho kulturn\u00edho d\u011bdictv\u00ed UNESCO. Sv\u00e9 dny odpo\u010dinku tak m\u016f\u017eete str\u00e1vit prohl\u00eddkou velk\u00e9ho mno\u017estv\u00ed kr\u00e1sn\u00fdch a udr\u017eovan\u00fdch kulturn\u00edch pam\u00e1tek, proch\u00e1zkami v komponovan\u00e9 krajin\u011b \u010di v nedalek\u00e9 chr\u00e1n\u011bn\u00e9 krajinn\u00e9 oblasti, a p\u0159\u00edpadn\u011b m\u016f\u017eete zav\u00edtat i za hranice dal\u0161\u00edch st\u00e1t\u016f \u2013 nap\u0159\u00edklad do V\u00eddn\u011b, kter\u00e1 je odtud opravdu jen na skok. Ov\u0161em je jasn\u00e9, \u017ee ka\u017ed\u00fd, kdo si chce v prvn\u00ed \u0159ad\u011b odpo\u010dinout, bude p\u0159em\u00fd\u0161let p\u0159edev\u0161\u00edm nad t\u00edm, co mu m\u016f\u017ee nab\u00eddnout samotn\u00fd pobyt v hotelu. A ten v\u00e1s jist\u011b mile p\u0159ekvap\u00ed, a to jak stylov\u00fdm ubytov\u00e1n\u00edm, tak i mimo\u0159\u00e1dnou kuchyn\u00ed, a p\u0159edev\u0161\u00edm soukrom\u00fdm wellness centrem, kde si va\u0161e t\u011blo odpo\u010dine a va\u0161e mysl na\u010derp\u00e1 novou pot\u0159ebnou energii. M\u016f\u017eete si zde stejn\u011b tak u\u017e\u00edt dokonal\u00fd romantick\u00fd pobyt ve dvou, v\u00edkend pln\u00fd relaxace anebo t\u0159eba i del\u0161\u00ed rodinnou dovolenou. V ka\u017ed\u00e9m p\u0159\u00edpad\u011b se zde rozhodn\u011b nudit nebudete, nebo\u0165 na v\u00e1s \u010dek\u00e1 bohat\u00fd program, a to jak p\u0159\u00edmo v hotelu, tak i v samotn\u00e9m lednicko-valtick\u00e9m are\u00e1lu. Vzhledem k tomu, \u017ee se jedn\u00e1 o opravdu jedine\u010dn\u00e9 m\u00edsto na sv\u011bt\u011b, tak se vyplat\u00ed, kdy\u017e si sv\u016fj pobyt rezervujete s dostate\u010dn\u00fdm p\u0159edstihem a budete tak m\u00edt jistotu, \u017ee si zde u\u017eijete par\u00e1dn\u00ed dovolenou, a\u0165 u\u017e bude libovoln\u011b dlouh\u00e1. N\u00e1v\u0161t\u011bva tohoto are\u00e1lu stoj\u00ed v\u017edy za to!                                                                                                                                                                                                                                                                                                                                                                                          3.4\/5 - (12 votes)        "},{"@context":"https:\/\/schema.org\/","@type":"BreadcrumbList","itemListElement":[{"@type":"ListItem","position":1,"name":"Sv\u016fj odpo\u010dinek m\u016f\u017eete str\u00e1vit na kr\u00e1sn\u00e9m m\u00edst\u011b v hotelu lednice","item":"https:\/\/www.samalex.cz\/svuj-odpocinek-muzete-stravit-na-krasnem-miste-v-hotelu-lednice\/#breadcrumbitem"}]}]