[{"@context":"https:\/\/schema.org\/","@type":"Article","@id":"https:\/\/www.samalex.cz\/na-cem-stavi-sve-uspechy-vyroba-mobilnich-domu\/#Article","mainEntityOfPage":"https:\/\/www.samalex.cz\/na-cem-stavi-sve-uspechy-vyroba-mobilnich-domu\/","headline":"Na \u010dem stav\u00ed sv\u00e9 \u00fasp\u011bchy v\u00fdroba mobiln\u00edch dom\u016f","name":"Na \u010dem stav\u00ed sv\u00e9 \u00fasp\u011bchy v\u00fdroba mobiln\u00edch dom\u016f","description":"Na vybaven\u00ed a velikosti objektu \u2013 p\u0159edstavit si mobiln\u00ed domy jako poj\u00edzdn\u00e9 krabice na speci\u00e1ln\u00edm podvozku znamen\u00e1 situovat se na domy p\u0159ev\u00e1\u017en\u011b sezonn\u00ed, nezateplen\u00e9 a ur\u010den\u00e9 pouze pro tepl\u00e9 po\u010das\u00ed. &hellip; ","datePublished":"2022-01-17","dateModified":"2023-05-03","author":{"@type":"Person","@id":"https:\/\/www.samalex.cz\/author\/#Person","name":"samalex.cz\n","url":"https:\/\/www.samalex.cz\/author\/","identifier":1,"image":{"@type":"ImageObject","@id":"https:\/\/secure.gravatar.com\/avatar\/4a71ad3e3da672fdab00dac6e0f7e744f8cb217202b101d0ffab0cf07645e95c?s=96&d=mm&r=g","url":"https:\/\/secure.gravatar.com\/avatar\/4a71ad3e3da672fdab00dac6e0f7e744f8cb217202b101d0ffab0cf07645e95c?s=96&d=mm&r=g","height":96,"width":96}},"publisher":{"@type":"Organization","name":"samalex.cz","logo":{"@type":"ImageObject","@id":"\/logo.png","url":"\/logo.png","width":600,"height":60}},"image":{"@type":"ImageObject","@id":"https:\/\/www.samalex.cz\/wp-content\/uploads\/table-ge41a9a8cf_640.jpg","url":"https:\/\/www.samalex.cz\/wp-content\/uploads\/table-ge41a9a8cf_640.jpg","height":0,"width":0},"url":"https:\/\/www.samalex.cz\/na-cem-stavi-sve-uspechy-vyroba-mobilnich-domu\/","about":["D\u016fm a zahrada"],"wordCount":478,"articleBody":"   Na vybaven\u00ed a velikosti objektu \u2013 p\u0159edstavit si mobiln\u00ed domy jako poj\u00edzdn\u00e9 krabice na speci\u00e1ln\u00edm podvozku znamen\u00e1 situovat se na domy p\u0159ev\u00e1\u017en\u011b sezonn\u00ed, nezateplen\u00e9 a ur\u010den\u00e9 pouze pro tepl\u00e9 po\u010das\u00ed. Mobiln\u00ed domy se d\u011bl\u00ed do v\u00edce kategori\u00ed a mezi nimi jsou i objekty pro celoro\u010dn\u00ed u\u017e\u00edv\u00e1n\u00ed s obytnou plochou srovnatelnou s v\u00edcepokojov\u00fdm bytem. B\u00fdvaj\u00ed ji\u017e od v\u00fdrobce pln\u011b za\u0159\u00edzen\u00e9, p\u0159i\u010dem\u017e lze interi\u00e9r v n\u011bkter\u00fdch p\u0159\u00edpadech upravit i na p\u0159\u00e1n\u00ed z\u00e1kazn\u00edka.Na dostupn\u00e9 cen\u011b \u2013 trh nemovitost\u00ed nen\u00ed p\u0159\u00edli\u0161 f\u00e9rov\u00fd a skute\u010dn\u00e9 (re\u00e1ln\u00e9) ceny mnoha z nich se od t\u011bch tr\u017en\u00edch polo\u017eek v\u00fdznamn\u011b li\u0161\u00ed i n\u011bkolikan\u00e1sobn\u011b. V\u00fdroba mobiln\u00edch dom\u016f https:\/\/www.lavarohouse.cz\/ naopak spol\u00e9h\u00e1 na solidn\u00ed p\u0159\u00edstup k z\u00e1kazn\u00edk\u016fm a tak m\u00e1te mo\u017enost bydlet nejen za p\u0159\u00edzniv\u011bj\u0161\u00ed cenu, ale i s ni\u017e\u0161\u00edmi n\u00e1klady na bydlen\u00ed.Na tepeln\u00e9m komfortu a n\u00edzkon\u00e1kladov\u00e9m bydlen\u00ed \u2013 d\u016fle\u017eit\u00e9 je, abyste v zim\u011b nestr\u00e1dali chladem a z\u00e1rove\u0148 d\u016fm nep\u0159et\u00e1p\u011bli, co\u017e by bylo v\u00fdrazn\u011b neekonomick\u00e9. V\u00fdrobci si toto nejv\u011bt\u0161\u00ed \u00faskal\u00ed mobiln\u00edch d\u0159evostaveb uv\u011bdomuj\u00ed a p\u0159ich\u00e1z\u00ed na trh s \u0159e\u0161en\u00edmi, z nich\u017e mnoh\u00e1 zaru\u010duj\u00ed t\u0159\u00eddu energetick\u00e9 \u00faspornosti B, tedy druhou nej\u00fasporn\u011bj\u0161\u00ed. N\u00e1klady na bydlen\u00ed se d\u00e1le mohou sn\u00ed\u017eit vyt\u00e1p\u011bn\u00edm d\u0159evem, sol\u00e1rn\u00edmi kolektory a fotovoltaikou, va\u0159en\u00edm na propan-butanu a vlastn\u00edm zdrojem pitn\u00e9 vody ze studny.Na flexibilit\u011b \u2013 jestli\u017ee si zvol\u00edte vhodn\u00e9 prost\u0159ed\u00ed k bydlen\u00ed a vyhovuje v\u00e1m ji\u017e od prvopo\u010d\u00e1tku, pravd\u011bpodobn\u011b tu budete cht\u00edt setrvat des\u00edtky let. Nen\u00ed v\u0161ak probl\u00e9m sv\u00e9 rozhodnut\u00ed kdykoli zm\u011bnit a p\u0159esunout se s domem jinam, vy\u017eaduje to pouze dohodu o p\u0159eprav\u011b pomoc\u00ed speci\u00e1ln\u00edho n\u00e1v\u011bsu. Zateplen\u00e9 objekty toti\u017e m\u00edvaj\u00ed hmotnost p\u0159es p\u011bt tun.Na prost\u0159ed\u00ed kolem n\u00e1s \u2013 bydlen\u00ed ve m\u011bst\u011b za\u010d\u00edn\u00e1 v posledn\u00ed dob\u011b postr\u00e1dat n\u011bkter\u00e9 sv\u00e9 v\u00fdznamn\u00e9 p\u0159ednosti, nap\u0159\u00edklad n\u00e1kupn\u00ed mo\u017enosti \u010di mo\u017enosti v\u00fdd\u011blku. \u017divit se poctivou prac\u00ed lze i na venkov\u011b, p\u0159\u00edpadn\u011b lze pracovat z domova, a n\u00e1kupy v\u00e1m obstaraj\u00ed e-shopy s dopravou a\u017e p\u0159\u00edmo na adresu va\u0161eho bydli\u0161t\u011b, p\u0159i\u010dem\u017e mnoh\u00e9 z nich zaj\u00ed\u017ed\u00ed i do rekrea\u010dn\u00edch oblast\u00ed. \u017d\u00edt v n\u00e1ru\u010di p\u0159\u00edrody, za lesem v z\u00e1dech a okrasnou a u\u017eitkovou zahradou za domem je nav\u00edc n\u011bco \u00fapln\u011b jin\u00e9ho, ne\u017e sd\u00edlen\u00ed spole\u010dn\u00fdch zd\u00ed v bytov\u00e9m dom\u011b.                                                                                                                                                                                                                                                                                                                                                                                          4\/5 - (3 votes)        "},{"@context":"https:\/\/schema.org\/","@type":"BreadcrumbList","itemListElement":[{"@type":"ListItem","position":1,"name":"Na \u010dem stav\u00ed sv\u00e9 \u00fasp\u011bchy v\u00fdroba mobiln\u00edch dom\u016f","item":"https:\/\/www.samalex.cz\/na-cem-stavi-sve-uspechy-vyroba-mobilnich-domu\/#breadcrumbitem"}]}]